{"id":2202,"date":"2018-12-27T15:16:16","date_gmt":"2018-12-27T13:16:16","guid":{"rendered":"https:\/\/www.kah-hagen.de\/kah\/?p=2202"},"modified":"2021-09-22T18:50:12","modified_gmt":"2021-09-22T16:50:12","slug":"kunstvoll-ins-neue-jahr","status":"publish","type":"post","link":"https:\/\/www.kah-hagen.de\/kah\/2018\/12\/27\/kunstvoll-ins-neue-jahr\/","title":{"rendered":"Kunstvoll ins neue Jahr"},"content":{"rendered":"\n<h3 class=\"wp-block-heading\">Werke von Rolf Zittrich<\/h3>\n\n\n\n<figure class=\"wp-block-image\"><img loading=\"lazy\" decoding=\"async\" width=\"1024\" height=\"749\" src=\"https:\/\/www.kah-hagen.de\/kah\/wp-content\/uploads\/2018\/12\/KAH01-2019-1024x749.jpg\" alt=\"\" class=\"wp-image-2203\" srcset=\"https:\/\/www.kah-hagen.de\/kah\/wp-content\/uploads\/2018\/12\/KAH01-2019.jpg 1024w, https:\/\/www.kah-hagen.de\/kah\/wp-content\/uploads\/2018\/12\/KAH01-2019-600x439.jpg 600w, https:\/\/www.kah-hagen.de\/kah\/wp-content\/uploads\/2018\/12\/KAH01-2019-300x219.jpg 300w, https:\/\/www.kah-hagen.de\/kah\/wp-content\/uploads\/2018\/12\/KAH01-2019-768x562.jpg 768w\" sizes=\"auto, (max-width: 1024px) 100vw, 1024px\" \/><\/figure>\n\n\n\n<p>Auch im neuen Jahr f\u00fchren die K\u00fcnstler aus dem Kunst- und Atelierhaus ihre Tradition fort: Am 6. Januar pr\u00e4sentieren sie von 11 bis 17 Uhr ihre Kunstwerke und laden in ihren Ateliers zum Werkstattgespr\u00e4ch ein. Zus\u00e4tzlich zu den Pr\u00e4sentationen in den Ateliers sind in der Galerie Werke von Gr\u00fcndungsmitglied Rolf Zittrich zu sehen.&nbsp;<\/p>\n\n\n\n<p>Die Liebe des Hagener K\u00fcnstlers Rolf Zittrich zur Kunst wurde bereits vor 70 Jahren in der Schule entfacht. Seine gegenstandslose Malerei, die er selbst \u201eabstrakta filigrana\u201c nennt, wie auch seine impressionistischen Arbeiten sind bis heute zeitlos. Durch Farbkraft und Konturen sprechen die Werke die Betrachter direkt an und laden zum Schauen und Fantasieren ein, nicht nur, aber gerade die Bilder, die durch gro\u00dfe Reisen nach Asien, Afrika, Australien und in die USA und Australien beeinflusst wurden.<\/p>\n\n\n\n<p><strong>Was Rolf Zittrich wie auf Leinwand und Papier gebracht hat, kann am Sonntag, 6. Januar 2019, von 11 bis 17 Uhr im Kunst- und Atelierhaus Hagen, Hochstra\u00dfe 76, betrachtet werden.\u00a0<\/strong><\/p>\n","protected":false},"excerpt":{"rendered":"<p>Werke von Rolf Zittrich Auch im neuen Jahr f\u00fchren die K\u00fcnstler aus dem Kunst- und Atelierhaus ihre Tradition fort: Am 6. Januar pr\u00e4sentieren sie von 11 bis 17 Uhr ihre Kunstwerke und laden in ihren Ateliers zum Werkstattgespr\u00e4ch ein. Zus\u00e4tzlich zu den Pr\u00e4sentationen in den Ateliers sind in der Galerie Werke von Gr\u00fcndungsmitglied Rolf Zittrich [&hellip;]<\/p>\n","protected":false},"author":101015,"featured_media":0,"comment_status":"closed","ping_status":"closed","sticky":false,"template":"","format":"standard","meta":{"ngg_post_thumbnail":0,"footnotes":""},"categories":[3],"tags":[8,29],"class_list":["post-2202","post","type-post","status-publish","format-standard","hentry","category-monatsausstellungen","tag-ausstellung","tag-rolf-zittrich"],"_links":{"self":[{"href":"https:\/\/www.kah-hagen.de\/kah\/wp-json\/wp\/v2\/posts\/2202","targetHints":{"allow":["GET"]}}],"collection":[{"href":"https:\/\/www.kah-hagen.de\/kah\/wp-json\/wp\/v2\/posts"}],"about":[{"href":"https:\/\/www.kah-hagen.de\/kah\/wp-json\/wp\/v2\/types\/post"}],"author":[{"embeddable":true,"href":"https:\/\/www.kah-hagen.de\/kah\/wp-json\/wp\/v2\/users\/101015"}],"replies":[{"embeddable":true,"href":"https:\/\/www.kah-hagen.de\/kah\/wp-json\/wp\/v2\/comments?post=2202"}],"version-history":[{"count":2,"href":"https:\/\/www.kah-hagen.de\/kah\/wp-json\/wp\/v2\/posts\/2202\/revisions"}],"predecessor-version":[{"id":2205,"href":"https:\/\/www.kah-hagen.de\/kah\/wp-json\/wp\/v2\/posts\/2202\/revisions\/2205"}],"wp:attachment":[{"href":"https:\/\/www.kah-hagen.de\/kah\/wp-json\/wp\/v2\/media?parent=2202"}],"wp:term":[{"taxonomy":"category","embeddable":true,"href":"https:\/\/www.kah-hagen.de\/kah\/wp-json\/wp\/v2\/categories?post=2202"},{"taxonomy":"post_tag","embeddable":true,"href":"https:\/\/www.kah-hagen.de\/kah\/wp-json\/wp\/v2\/tags?post=2202"}],"curies":[{"name":"wp","href":"https:\/\/api.w.org\/{rel}","templated":true}]}}