{"id":2186,"date":"2018-11-09T14:24:52","date_gmt":"2018-11-09T12:24:52","guid":{"rendered":"https:\/\/www.kah-hagen.de\/kah\/?p=2186"},"modified":"2018-11-23T18:05:59","modified_gmt":"2018-11-23T16:05:59","slug":"artventmarkt-am-2-dezember","status":"publish","type":"post","link":"https:\/\/www.kah-hagen.de\/kah\/2018\/11\/09\/artventmarkt-am-2-dezember\/","title":{"rendered":"ARTventmarkt am 2. Dezember"},"content":{"rendered":"<h3>Kunst und Weihnachtliches<\/h3>\n<p>Am <strong>Sonntag, 2. Dezember 2018<\/strong>, laden die K\u00fcnstlerinnen und K\u00fcnstler im Kunst- und Atelierhaus Hagen zu einem <strong>ARTventmarkt<\/strong> ein. Bei Kaffee und Kuchen k\u00f6nnen die Besucher im ganzen Haus entspannt Unikate als ganz besondere Weihnachtsgeschenke aussuchen und kaufen. Auch viele Ateliers stellen sich auf die Adventszeit ein und pr\u00e4sentieren ihre Kunstwerke und Projekte in weihnachtlichem Flair.<\/p>\n<p><img loading=\"lazy\" decoding=\"async\" class=\"alignnone size-large wp-image-2187\" src=\"https:\/\/www.kah-hagen.de\/kah\/wp-content\/uploads\/2018\/11\/KAH-2018-12-1024x682.jpg\" alt=\"\" width=\"1024\" height=\"682\" srcset=\"https:\/\/www.kah-hagen.de\/kah\/wp-content\/uploads\/2018\/11\/KAH-2018-12.jpg 1024w, https:\/\/www.kah-hagen.de\/kah\/wp-content\/uploads\/2018\/11\/KAH-2018-12-600x400.jpg 600w, https:\/\/www.kah-hagen.de\/kah\/wp-content\/uploads\/2018\/11\/KAH-2018-12-300x200.jpg 300w, https:\/\/www.kah-hagen.de\/kah\/wp-content\/uploads\/2018\/11\/KAH-2018-12-768x512.jpg 768w\" sizes=\"auto, (max-width: 1024px) 100vw, 1024px\" \/><\/p>\n<p>\u201eEs wird auf jeden Fall kleine Bilder, Skulpturen oder Kunstpostkarten geben, die sich als Geschenke eignen\u201c, berichtet Martin R\u00fc\u00dfmann, Vorsitzender der K\u00fcnstlervereinigung. \u201eUnikate zeigen dem Beschenkten, dass sich der Schenker Gedanken \u00fcber die Gabe gemacht hat. Und Unikate gibt es bei uns auf vier Etagen in einer gro\u00dfen Vielfalt.\u201c W\u00e4hrend des ARTventmarktes besteht zudem die M\u00f6glichkeit, mit den K\u00fcnstlerinnen und K\u00fcnstlern ins Gespr\u00e4ch zu kommen und mehr \u00fcber das Werk im Allgemeinen und das potenzielle Geschenk im Besonderen zu erfahren.<\/p>\n<p>In der Galerie wird weiterhin die <strong>Ausstellung \u201eSchnittstellen\u201c<\/strong> mit experimentellen Collagen von Susan Jacobsen und Scherenschnitten von Martin V\u00f6llmecke zu sehen sein.<\/p>\n<p><strong>Der ARTventmarkt ist ge\u00f6ffnet am Tag der offenen T\u00fcr im Kunst- und Atelierhaus am Sonntag, 2. Dezember 2018, von 11 bis 17 Uhr im ehemaligen Hotel Danne, Hochstra\u00dfe 76.<\/strong><\/p>\n","protected":false},"excerpt":{"rendered":"<p>Kunst und Weihnachtliches Am Sonntag, 2. Dezember 2018, laden die K\u00fcnstlerinnen und K\u00fcnstler im Kunst- und Atelierhaus Hagen zu einem ARTventmarkt ein. Bei Kaffee und Kuchen k\u00f6nnen die Besucher im ganzen Haus entspannt Unikate als ganz besondere Weihnachtsgeschenke aussuchen und kaufen. Auch viele Ateliers stellen sich auf die Adventszeit ein und pr\u00e4sentieren ihre Kunstwerke und [&hellip;]<\/p>\n","protected":false},"author":101015,"featured_media":0,"comment_status":"closed","ping_status":"closed","sticky":false,"template":"","format":"standard","meta":{"ngg_post_thumbnail":0,"footnotes":""},"categories":[3,27],"tags":[28,26,25],"class_list":["post-2186","post","type-post","status-publish","format-standard","hentry","category-monatsausstellungen","category-sonderveranstaltungen","tag-artventmarkt","tag-martin-voellmecke","tag-susan-jacobsen"],"_links":{"self":[{"href":"https:\/\/www.kah-hagen.de\/kah\/wp-json\/wp\/v2\/posts\/2186","targetHints":{"allow":["GET"]}}],"collection":[{"href":"https:\/\/www.kah-hagen.de\/kah\/wp-json\/wp\/v2\/posts"}],"about":[{"href":"https:\/\/www.kah-hagen.de\/kah\/wp-json\/wp\/v2\/types\/post"}],"author":[{"embeddable":true,"href":"https:\/\/www.kah-hagen.de\/kah\/wp-json\/wp\/v2\/users\/101015"}],"replies":[{"embeddable":true,"href":"https:\/\/www.kah-hagen.de\/kah\/wp-json\/wp\/v2\/comments?post=2186"}],"version-history":[{"count":2,"href":"https:\/\/www.kah-hagen.de\/kah\/wp-json\/wp\/v2\/posts\/2186\/revisions"}],"predecessor-version":[{"id":2190,"href":"https:\/\/www.kah-hagen.de\/kah\/wp-json\/wp\/v2\/posts\/2186\/revisions\/2190"}],"wp:attachment":[{"href":"https:\/\/www.kah-hagen.de\/kah\/wp-json\/wp\/v2\/media?parent=2186"}],"wp:term":[{"taxonomy":"category","embeddable":true,"href":"https:\/\/www.kah-hagen.de\/kah\/wp-json\/wp\/v2\/categories?post=2186"},{"taxonomy":"post_tag","embeddable":true,"href":"https:\/\/www.kah-hagen.de\/kah\/wp-json\/wp\/v2\/tags?post=2186"}],"curies":[{"name":"wp","href":"https:\/\/api.w.org\/{rel}","templated":true}]}}