{"id":2176,"date":"2018-10-22T15:01:55","date_gmt":"2018-10-22T13:01:55","guid":{"rendered":"https:\/\/www.kah-hagen.de\/kah\/?p=2176"},"modified":"2018-10-22T15:12:24","modified_gmt":"2018-10-22T13:12:24","slug":"jacobsen-und-voellmecke-schnittstellen","status":"publish","type":"post","link":"https:\/\/www.kah-hagen.de\/kah\/2018\/10\/22\/jacobsen-und-voellmecke-schnittstellen\/","title":{"rendered":"Jacobsen und V\u00f6llmecke: Schnittstellen"},"content":{"rendered":"<h3>Experimentelle Collagen und Scherenschnitte<\/h3>\n<div id=\"attachment_2178\" style=\"width: 310px\" class=\"wp-caption alignright\"><img loading=\"lazy\" decoding=\"async\" aria-describedby=\"caption-attachment-2178\" class=\"wp-image-2178 size-medium\" src=\"https:\/\/www.kah-hagen.de\/kah\/wp-content\/uploads\/2018\/10\/KAH-10-18-Voellmecke-Jacobsen-c-Annette-Scho\u0308nrock-Kliebisch-300x208.jpg\" alt=\"\" width=\"300\" height=\"208\" srcset=\"https:\/\/www.kah-hagen.de\/kah\/wp-content\/uploads\/2018\/10\/KAH-10-18-Voellmecke-Jacobsen-c-Annette-Scho\u0308nrock-Kliebisch-300x208.jpg 300w, https:\/\/www.kah-hagen.de\/kah\/wp-content\/uploads\/2018\/10\/KAH-10-18-Voellmecke-Jacobsen-c-Annette-Scho\u0308nrock-Kliebisch-600x415.jpg 600w, https:\/\/www.kah-hagen.de\/kah\/wp-content\/uploads\/2018\/10\/KAH-10-18-Voellmecke-Jacobsen-c-Annette-Scho\u0308nrock-Kliebisch-768x532.jpg 768w, https:\/\/www.kah-hagen.de\/kah\/wp-content\/uploads\/2018\/10\/KAH-10-18-Voellmecke-Jacobsen-c-Annette-Scho\u0308nrock-Kliebisch.jpg 1024w\" sizes=\"auto, (max-width: 300px) 100vw, 300px\" \/><p id=\"caption-attachment-2178\" class=\"wp-caption-text\">(Foto: Annette Sch\u00f6nrock-Kliebisch)<\/p><\/div>\n<p>Am <strong>Sonntag, 4. November 2018<\/strong>, wird es schnittig in der Galerie des ehemaligen Hotel Danne. In ihrer Ausstellung \u201eSchnittstellen\u201c pr\u00e4sentieren <a href=\"https:\/\/www.kah-hagen.de\/kah\/kunstlerinnen\/susan-jacobsen\/\">Susan Jacobsen<\/a> und <a href=\"https:\/\/www.kah-hagen.de\/kah\/kunstlerinnen\/martin-vollmecke\/\">Martin V\u00f6llmecke<\/a> mit experimentellen Collagen und Scherenschnitten unterschiedliche Arten mit Papier umzugehen. Nach einer gemeinsamen Ausstellung 2007 f\u00fchren die beiden Gr\u00fcndungsmitglieder in diesem Jahr ihre Arbeiten wieder in einer Pr\u00e4sentation zusammen. \u201eDie Schnittstelle ist der Teil eines Systems, welcher der Kommunikation dient\u201c, so der Gedanke der K\u00fcnstler, deren pers\u00f6nliche Schnittstelle das Kunst- und Atelierhaus und der k\u00fcnstlerische Austausch ist.<\/p>\n<p>\u201eSeit Jahren widme ich mich wieder intensiv dem Thema Scherenschnitt in seiner klassischen und modernen Form\u201c, berichtet V\u00f6llmecke. Seine Bl\u00fcten und Bl\u00e4tter, organischen und geometrischen Formen bis hin zum geschriebenen Wort sind Beispiele daf\u00fcr, dass diese uralte Technik auch heute noch ihre G\u00fcltigkeit hat. W\u00e4hrend V\u00f6llmecke aus Papier etwas herausarbeitet, fasziniert Jacobsen der Prozess des Zerst\u00f6rens und neu Konstruierens. \u201eMeine Collagen bestehen aus eigens produzierten Bildern und Drucken auf Papier und Leinwand\u201c, verr\u00e4t sie. \u201eIch nutze auch Vorgefundenes, aber in jeder Collage wird der Fokus auf ein anderes Bildelement gelegt.\u201c<\/p>\n<p><strong>Welche Kunstwerke dabei herauskommen und wie moderne Scherenschnitte aussehen, ist zu erkunden beim Tag der offenen T\u00fcr im Kunst- und Atelierhaus am Sonntag, 4. November 2018, von 11 bis 17 Uhr im Kunst- und Atelierhaus im ehemaligen Hotel Danne, Hochstra\u00dfe 76. Die Ausstellung wird um 12 Uhr er\u00f6ffnet.<\/strong><\/p>\n","protected":false},"excerpt":{"rendered":"<p>Experimentelle Collagen und Scherenschnitte Am Sonntag, 4. November 2018, wird es schnittig in der Galerie des ehemaligen Hotel Danne. In ihrer Ausstellung \u201eSchnittstellen\u201c pr\u00e4sentieren Susan Jacobsen und Martin V\u00f6llmecke mit experimentellen Collagen und Scherenschnitten unterschiedliche Arten mit Papier umzugehen. Nach einer gemeinsamen Ausstellung 2007 f\u00fchren die beiden Gr\u00fcndungsmitglieder in diesem Jahr ihre Arbeiten wieder in [&hellip;]<\/p>\n","protected":false},"author":101015,"featured_media":0,"comment_status":"closed","ping_status":"closed","sticky":false,"template":"","format":"standard","meta":{"ngg_post_thumbnail":0,"footnotes":""},"categories":[3],"tags":[8,26,25],"class_list":["post-2176","post","type-post","status-publish","format-standard","hentry","category-monatsausstellungen","tag-ausstellung","tag-martin-voellmecke","tag-susan-jacobsen"],"_links":{"self":[{"href":"https:\/\/www.kah-hagen.de\/kah\/wp-json\/wp\/v2\/posts\/2176","targetHints":{"allow":["GET"]}}],"collection":[{"href":"https:\/\/www.kah-hagen.de\/kah\/wp-json\/wp\/v2\/posts"}],"about":[{"href":"https:\/\/www.kah-hagen.de\/kah\/wp-json\/wp\/v2\/types\/post"}],"author":[{"embeddable":true,"href":"https:\/\/www.kah-hagen.de\/kah\/wp-json\/wp\/v2\/users\/101015"}],"replies":[{"embeddable":true,"href":"https:\/\/www.kah-hagen.de\/kah\/wp-json\/wp\/v2\/comments?post=2176"}],"version-history":[{"count":6,"href":"https:\/\/www.kah-hagen.de\/kah\/wp-json\/wp\/v2\/posts\/2176\/revisions"}],"predecessor-version":[{"id":2183,"href":"https:\/\/www.kah-hagen.de\/kah\/wp-json\/wp\/v2\/posts\/2176\/revisions\/2183"}],"wp:attachment":[{"href":"https:\/\/www.kah-hagen.de\/kah\/wp-json\/wp\/v2\/media?parent=2176"}],"wp:term":[{"taxonomy":"category","embeddable":true,"href":"https:\/\/www.kah-hagen.de\/kah\/wp-json\/wp\/v2\/categories?post=2176"},{"taxonomy":"post_tag","embeddable":true,"href":"https:\/\/www.kah-hagen.de\/kah\/wp-json\/wp\/v2\/tags?post=2176"}],"curies":[{"name":"wp","href":"https:\/\/api.w.org\/{rel}","templated":true}]}}