{"id":2117,"date":"2018-06-21T11:21:42","date_gmt":"2018-06-21T09:21:42","guid":{"rendered":"https:\/\/www.kah-hagen.de\/kah\/?p=2117"},"modified":"2021-09-22T18:51:23","modified_gmt":"2021-09-22T16:51:23","slug":"das-kunst-und-atelierhaus-verliert-eines-seiner-gruendungsmitglieder-zum-tod-des-hagener-kuenstlers-uwe-lex","status":"publish","type":"post","link":"https:\/\/www.kah-hagen.de\/kah\/2018\/06\/21\/das-kunst-und-atelierhaus-verliert-eines-seiner-gruendungsmitglieder-zum-tod-des-hagener-kuenstlers-uwe-lex\/","title":{"rendered":"Das Kunst- und Atelierhaus verliert eines seiner Gr\u00fcndungsmitglieder: Zum Tod des Hagener K\u00fcnstlers Uwe Lex"},"content":{"rendered":"<p>&nbsp;<\/p>\n<p><a href=\"https:\/\/www.kah-hagen.de\/kah\/wp-content\/uploads\/2018\/06\/uwe_lex_nachruf_web.jpg\"><img loading=\"lazy\" decoding=\"async\" class=\"alignright size-medium wp-image-2118\" src=\"https:\/\/www.kah-hagen.de\/kah\/wp-content\/uploads\/2018\/06\/uwe_lex_nachruf_web-200x300.jpg\" alt=\"\" width=\"200\" height=\"300\" srcset=\"https:\/\/www.kah-hagen.de\/kah\/wp-content\/uploads\/2018\/06\/uwe_lex_nachruf_web-200x300.jpg 200w, https:\/\/www.kah-hagen.de\/kah\/wp-content\/uploads\/2018\/06\/uwe_lex_nachruf_web-600x898.jpg 600w, https:\/\/www.kah-hagen.de\/kah\/wp-content\/uploads\/2018\/06\/uwe_lex_nachruf_web.jpg 678w\" sizes=\"auto, (max-width: 200px) 100vw, 200px\" \/><\/a>Eines der Themen, die sich durch das Werk des Hagener K\u00fcnstlers Uwe Lex zogen, war der Tod. In einem Werk fragte er sich sogar, wie es beim Tod zu Hause aussehen m\u00f6ge. Am 11. Juni ist Uwe Lex gestorben und wenn der Tod ein Zuhause hat, wird Uwe Lex mit ihm dort diskutieren und sein Zuhause versch\u00f6nern. Der engagierte K\u00fcnstler, der im Februar 61 Jahre alt geworden war, hinterl\u00e4sst eine L\u00fccke in seiner Familie, in seinem Freundeskreis und in der Hagener Kunstszene, die er \u00fcber Jahrzehnte mitbestimmt hat.<\/p>\n<p>\u201eIch habe eigentlich immer gezeichnet\u201c, erkl\u00e4rte Uwe Lex bei seiner letzten Ausstellung, die eine Retrospektive seiner Papierarbeiten zeigte und die beeindruckende Bandbreite seines k\u00fcnstlerischen Schaffens wiedergab. Akte waren hier ebenso zu sehen wie visuelle politische Statements, harte Bilder, die sich auch auf einem Satire-Magazin h\u00e4tten finden k\u00f6nnen, standen neben weichen Landschaftsaufnahmen seiner Heimatstadt Hagen und Szenen aus dem Ruhrgebiet. Und immer historische Szenen, die Geschichte der Welt fesselte ihn so stark, dass er trotz seiner Krankheit noch ein Geschichtsstudium begann.<\/p>\n<p>Bereits mit 15 hat Uwe die ersten Zeichenkurse besucht und sp\u00e4ter das, was er w\u00e4hrend seiner Handwerksausbildung mitbekam, in der Freien Malschule im Hagenring bei Hellwig P\u00fctter vertieft. Nach den ersten Einzel- und Gruppenausstellungen Ende der 80er-Jahre nahm die Kunst immer mehr Raum in seinem Leben ein. Dabei beschr\u00e4nkte er sich nicht auf Bilder auf Papier und Leinwand, sondern wagte sich auch an Theaterkulissen wie sie erst im letzten Herbst bei dem Musical \u201eZwischenwelten\u201c in Bochum wieder zu sehen waren. Noch wenige Monate vor seinem Tod hat er sich auf eine neue k\u00fcnstlerische Form eingelassen und Einb\u00e4nde f\u00fcr Reisetageb\u00fccher gestaltet, in denen er wie in seinen Kunstwerken weiterlebt.<\/p>\n<p>In Hagen ist sein Name f\u00fcr immer mit dem Kunst- und Atelierhaus im ehemaligen Hotel Danne verbunden. Uwe Lex war eines der Gr\u00fcndungsmitglieder des K\u00fcnstlerortes und lenkte die Geschicke des Vereins, der das Haus betreibt, viele Jahre als Vorsitzender und Mitglied im Vorstand. In dieser Funktion hat Uwe Lex die Kunst- und Kulturszene Hagens mitgepr\u00e4gt und dazu beigetragen, dass auch die freie Kunst immer wieder in den Blick von Politik und \u00d6ffentlichkeit geriet. \u201eUwe Lex hat mit die Geschicke des KAH ma\u00dfgeblich beeinflusst, auch wenn seine Kunst bleibt, verlieren wir doch einen au\u00dfergew\u00f6hnlichen K\u00fcnstler und einen Freund\u201c, sagt Martin R\u00fc\u00dfmann, Vorsitzender des Kunst- und Atelierhauses, und spricht damit vielen Hagenerinnen und Hagenern aus dem Herzen.<\/p>\n","protected":false},"excerpt":{"rendered":"<p>&nbsp; Eines der Themen, die sich durch das Werk des Hagener K\u00fcnstlers Uwe Lex zogen, war der Tod. In einem Werk fragte er sich sogar, wie es beim Tod zu Hause aussehen m\u00f6ge. Am 11. Juni ist Uwe Lex gestorben und wenn der Tod ein Zuhause hat, wird Uwe Lex mit ihm dort diskutieren und [&hellip;]<\/p>\n","protected":false},"author":101015,"featured_media":0,"comment_status":"closed","ping_status":"closed","sticky":false,"template":"","format":"standard","meta":{"ngg_post_thumbnail":0,"footnotes":""},"categories":[17],"tags":[18,7],"class_list":["post-2117","post","type-post","status-publish","format-standard","hentry","category-verein","tag-nachruf","tag-uwe-lex"],"_links":{"self":[{"href":"https:\/\/www.kah-hagen.de\/kah\/wp-json\/wp\/v2\/posts\/2117","targetHints":{"allow":["GET"]}}],"collection":[{"href":"https:\/\/www.kah-hagen.de\/kah\/wp-json\/wp\/v2\/posts"}],"about":[{"href":"https:\/\/www.kah-hagen.de\/kah\/wp-json\/wp\/v2\/types\/post"}],"author":[{"embeddable":true,"href":"https:\/\/www.kah-hagen.de\/kah\/wp-json\/wp\/v2\/users\/101015"}],"replies":[{"embeddable":true,"href":"https:\/\/www.kah-hagen.de\/kah\/wp-json\/wp\/v2\/comments?post=2117"}],"version-history":[{"count":3,"href":"https:\/\/www.kah-hagen.de\/kah\/wp-json\/wp\/v2\/posts\/2117\/revisions"}],"predecessor-version":[{"id":2167,"href":"https:\/\/www.kah-hagen.de\/kah\/wp-json\/wp\/v2\/posts\/2117\/revisions\/2167"}],"wp:attachment":[{"href":"https:\/\/www.kah-hagen.de\/kah\/wp-json\/wp\/v2\/media?parent=2117"}],"wp:term":[{"taxonomy":"category","embeddable":true,"href":"https:\/\/www.kah-hagen.de\/kah\/wp-json\/wp\/v2\/categories?post=2117"},{"taxonomy":"post_tag","embeddable":true,"href":"https:\/\/www.kah-hagen.de\/kah\/wp-json\/wp\/v2\/tags?post=2117"}],"curies":[{"name":"wp","href":"https:\/\/api.w.org\/{rel}","templated":true}]}}