{"id":2100,"date":"2018-04-23T18:51:45","date_gmt":"2018-04-23T16:51:45","guid":{"rendered":"https:\/\/www.kah-hagen.de\/kah\/?p=2100"},"modified":"2018-04-23T18:52:43","modified_gmt":"2018-04-23T16:52:43","slug":"11-jahresausstellung","status":"publish","type":"post","link":"https:\/\/www.kah-hagen.de\/kah\/2018\/04\/23\/11-jahresausstellung\/","title":{"rendered":"11. Jahresausstellung"},"content":{"rendered":"<h3>Mitglieder des Kunst- und Atelierhauses pr\u00e4sentieren ihre Vielfalt<\/h3>\n<p>&nbsp;<\/p>\n<p><img loading=\"lazy\" decoding=\"async\" class=\"alignnone wp-image-2101 size-large\" src=\"https:\/\/www.kah-hagen.de\/kah\/wp-content\/uploads\/2018\/04\/KAH-Kuenstler-c-Roman-von-Go\u0308tz-1024x870.jpg\" alt=\"\" height=\"870\" width=\"1024\" srcset=\"https:\/\/www.kah-hagen.de\/kah\/wp-content\/uploads\/2018\/04\/KAH-Kuenstler-c-Roman-von-Go\u0308tz.jpg 1024w, https:\/\/www.kah-hagen.de\/kah\/wp-content\/uploads\/2018\/04\/KAH-Kuenstler-c-Roman-von-Go\u0308tz-600x510.jpg 600w, https:\/\/www.kah-hagen.de\/kah\/wp-content\/uploads\/2018\/04\/KAH-Kuenstler-c-Roman-von-Go\u0308tz-300x255.jpg 300w, https:\/\/www.kah-hagen.de\/kah\/wp-content\/uploads\/2018\/04\/KAH-Kuenstler-c-Roman-von-Go\u0308tz-768x653.jpg 768w\" sizes=\"auto, (max-width: 1024px) 100vw, 1024px\" \/><\/p>\n<p>Wenn das Kunst- und Atelierhaus am <strong>Sonntag, 6. Mai 2018<\/strong>, von 11 bis 17 Uhr wieder seine T\u00fcren \u00f6ffnet, pr\u00e4sentieren die 40 K\u00fcnstlerinnen und K\u00fcnstler in einer gemeinsamen Ausstellung die Vielfalt ihrer Werke und Stile.<\/p>\n<p>Ob Malen oder Zeichnen, Schneiden oder Formen, fig\u00fcrlich oder abstrakt, Spachtel oder Kamera \u2026 im Kunst- und Atelierhaus ist nahezu jede Herangehensweise an ein Kunstwerk zu entdecken. Was das Jahr \u00fcber in den Ateliers entsteht, wird einmal j\u00e4hrlich in der Jahresausstellung gezeigt. Neue Besucherinnen und Besucher k\u00f6nnen sich so schnell einen Eindruck \u00fcber die Vielfalt in dem K\u00fcnstlerhaus verschaffen. \u201eF\u00fcr regelm\u00e4\u00dfige Besucher ist die Jahresausstellung eine Gelegenheit, zu erkennen, in welche Richtung sich die KAH-K\u00fcnstler orientiert haben und welche neuen Str\u00f6mungen aufgenommen wurden\u201c, beschreibt K\u00fcnstlerbeiratsmitglied Peter Dorn die Tradition des Kunst- und Atelierhauses, die im elften Jahr zum elften Mal umgesetzt wird.<\/p>\n<p>Dass das Haus vom Wandel lebt, zeigt sich daran, dass in diesem Jahr mit Heike Knoche und Gabi Moers zwei neue Mitglieder erstmals ihre Werke pr\u00e4sentieren. \u201eDas KAH bietet eine Vielzahl toller K\u00fcnstler unter einem Dach. Es gibt so unterschiedliche Kunstrichtungen, was ich immer wieder spannend und inspirierend finde\u201c, erkl\u00e4rt Heike Knoche, warum sie Mitglied im Kunst- und Atelierhaus geworden ist. Am 6. Mai von 11 bis 17 Uhr k\u00f6nnen sich die Besucher von der Vielfalt \u00fcberzeugen und inspirieren lassen. Bei der Er\u00f6ffnung um 12 Uhr erfahren sie zudem mehr \u00fcber das Wirken in dem Haus.<\/p>\n<p>Seit \u00fcber zehn Jahren arbeiten im Kunst- und Atelierhaus im alten Hotel Danne gegen\u00fcber vom Kunstquartier in 24 Ateliers K\u00fcnstlerinnen und K\u00fcnstler aus allen Kunstsparten \u2013 von filigranen Zeichnungen \u00fcber gro\u00dffl\u00e4chige Gem\u00e4lde und Skulpturen bis zur Fotografie ist alles vertreten. An jedem ersten Sonntag im Monat \u00f6ffnen die K\u00fcnstlerinnen und K\u00fcnstler ihre Ateliers. Sie lassen die Besucherinnen und Besucher am Prozess teilhaben und erl\u00e4utern in K\u00fcnstlergespr\u00e4chen ihre Kunst.<\/p>\n<p><em>(Foto: Roman von Go\u0308tz)<\/em><\/p>\n","protected":false},"excerpt":{"rendered":"<p>Mitglieder des Kunst- und Atelierhauses pr\u00e4sentieren ihre Vielfalt &nbsp; Wenn das Kunst- und Atelierhaus am Sonntag, 6. Mai 2018, von 11 bis 17 Uhr wieder seine T\u00fcren \u00f6ffnet, pr\u00e4sentieren die 40 K\u00fcnstlerinnen und K\u00fcnstler in einer gemeinsamen Ausstellung die Vielfalt ihrer Werke und Stile. Ob Malen oder Zeichnen, Schneiden oder Formen, fig\u00fcrlich oder abstrakt, Spachtel [&hellip;]<\/p>\n","protected":false},"author":101015,"featured_media":0,"comment_status":"closed","ping_status":"closed","sticky":false,"template":"","format":"standard","meta":{"ngg_post_thumbnail":0,"footnotes":""},"categories":[1,3],"tags":[8,15],"class_list":["post-2100","post","type-post","status-publish","format-standard","hentry","category-allgemein","category-monatsausstellungen","tag-ausstellung","tag-jahresausstellung"],"_links":{"self":[{"href":"https:\/\/www.kah-hagen.de\/kah\/wp-json\/wp\/v2\/posts\/2100","targetHints":{"allow":["GET"]}}],"collection":[{"href":"https:\/\/www.kah-hagen.de\/kah\/wp-json\/wp\/v2\/posts"}],"about":[{"href":"https:\/\/www.kah-hagen.de\/kah\/wp-json\/wp\/v2\/types\/post"}],"author":[{"embeddable":true,"href":"https:\/\/www.kah-hagen.de\/kah\/wp-json\/wp\/v2\/users\/101015"}],"replies":[{"embeddable":true,"href":"https:\/\/www.kah-hagen.de\/kah\/wp-json\/wp\/v2\/comments?post=2100"}],"version-history":[{"count":5,"href":"https:\/\/www.kah-hagen.de\/kah\/wp-json\/wp\/v2\/posts\/2100\/revisions"}],"predecessor-version":[{"id":2106,"href":"https:\/\/www.kah-hagen.de\/kah\/wp-json\/wp\/v2\/posts\/2100\/revisions\/2106"}],"wp:attachment":[{"href":"https:\/\/www.kah-hagen.de\/kah\/wp-json\/wp\/v2\/media?parent=2100"}],"wp:term":[{"taxonomy":"category","embeddable":true,"href":"https:\/\/www.kah-hagen.de\/kah\/wp-json\/wp\/v2\/categories?post=2100"},{"taxonomy":"post_tag","embeddable":true,"href":"https:\/\/www.kah-hagen.de\/kah\/wp-json\/wp\/v2\/tags?post=2100"}],"curies":[{"name":"wp","href":"https:\/\/api.w.org\/{rel}","templated":true}]}}