{"id":2051,"date":"2018-01-03T23:01:09","date_gmt":"2018-01-03T21:01:09","guid":{"rendered":"http:\/\/www.kah-hagen.de\/kah\/?p=2051"},"modified":"2018-02-27T01:12:38","modified_gmt":"2018-02-26T23:12:38","slug":"kleinformate-2","status":"publish","type":"post","link":"https:\/\/www.kah-hagen.de\/kah\/2018\/01\/03\/kleinformate-2\/","title":{"rendered":"Martin R\u00fc\u00dfmann: Kleinformate (2)"},"content":{"rendered":"<p><strong>Tag der offenen T\u00fcr und Ausstellung &nbsp;im Kunst- und Atelierhaus Hagen<\/strong><\/p>\n<p><img loading=\"lazy\" decoding=\"async\" class=\"alignnone size-full wp-image-2048\" src=\"http:\/\/www.kah-hagen.de\/kah\/wp-content\/uploads\/2018\/01\/kah01-2018-Martin-Ru\u0308\u00dfmann.jpg\" alt=\"\" width=\"1024\" height=\"683\" srcset=\"https:\/\/www.kah-hagen.de\/kah\/wp-content\/uploads\/2018\/01\/kah01-2018-Martin-Ru\u0308\u00dfmann.jpg 1024w, https:\/\/www.kah-hagen.de\/kah\/wp-content\/uploads\/2018\/01\/kah01-2018-Martin-Ru\u0308\u00dfmann-600x400.jpg 600w, https:\/\/www.kah-hagen.de\/kah\/wp-content\/uploads\/2018\/01\/kah01-2018-Martin-Ru\u0308\u00dfmann-300x200.jpg 300w, https:\/\/www.kah-hagen.de\/kah\/wp-content\/uploads\/2018\/01\/kah01-2018-Martin-Ru\u0308\u00dfmann-768x512.jpg 768w\" sizes=\"auto, (max-width: 1024px) 100vw, 1024px\" \/><\/p>\n<p style=\"font-weight: 400;\">Am 7. Januar startet das Kunst- und Atelierhaus mit dem traditionellen Tag der offenen T\u00fcr ins neue Jahr. Zus\u00e4tzlich zu den Pr\u00e4sentationen der 24 K\u00fcnstlerinnen und K\u00fcnstler in ihren Ateliers ist von 11 bis 17 Uhr die Ausstellung \u201eKleinformate\u201c von Martin R\u00fc\u00dfmann zu sehen. Seine \u00fcber 100 Werke beweisen, dass Kunst nicht immer gro\u00dffl\u00e4chig sein muss, sondern Gedanken und Themen gerade in der Auseinandersetzung mit der kleinen Fl\u00e4che komprimiert werden.<\/p>\n<p style=\"font-weight: 400;\">\u201eEs hat mich gereizt, die Dinge, die ich mache, mal auf kleinem Raum umzusetzen\u201c, erkl\u00e4rt Martin R\u00fc\u00dfmann und ist selbst erstaunt \u00fcber die Ergebnisse. \u201eZwischendurch war ich kurz davor, das Projekt zu canceln, weil ich mich neben dem Material intensiv mit der Gr\u00f6\u00dfe besch\u00e4ftigen musste.\u201c Statt aufzugeben, hat er sich von dem Zweifel inspirieren lassen. Das Ergebnis ist in der Serie \u201eNichts\u201c zu sehen, f\u00fcr die Martin R\u00fc\u00dfmann entgegen seiner bisherigen Arbeitsweise zun\u00e4chst Strukturen auf die Leinwand gebracht hat, ehe er Farben einsetzte. Zu betrachten sind seine Werke am 7. Januar von 11 bis 17 Uhr im Kunst- und Atelierhaus Hagen, Hochstra\u00dfe 76.&nbsp;<\/p>\n<p style=\"font-weight: 400;\">Seit \u00fcber zehn Jahren arbeiten im Kunst- und Atelierhaus im alten Hotel Danne gegen\u00fcber vom Kunstquartier in 24 Ateliers K\u00fcnstlerinnen und K\u00fcnstler aus allen Kunstsparten \u2013 von filigranen Zeichnungen \u00fcber gro\u00dffl\u00e4chige Gem\u00e4lde und Skulpturen bis zur Fotografie ist alles vertreten. An jedem ersten Sonntag im Monat \u00f6ffnen die K\u00fcnstlerinnen und K\u00fcnstler ihre Ateliers. Sie lassen die Besucherinnen und Besucher am Prozess teilhaben und erl\u00e4utern in K\u00fcnstlergespr\u00e4chen ihre Kunst.<\/p>\n","protected":false},"excerpt":{"rendered":"<p>Tag der offenen T\u00fcr und Ausstellung &nbsp;im Kunst- und Atelierhaus Hagen Am 7. Januar startet das Kunst- und Atelierhaus mit dem traditionellen Tag der offenen T\u00fcr ins neue Jahr. Zus\u00e4tzlich zu den Pr\u00e4sentationen der 24 K\u00fcnstlerinnen und K\u00fcnstler in ihren Ateliers ist von 11 bis 17 Uhr die Ausstellung \u201eKleinformate\u201c von Martin R\u00fc\u00dfmann zu sehen. [&hellip;]<\/p>\n","protected":false},"author":101015,"featured_media":0,"comment_status":"closed","ping_status":"closed","sticky":false,"template":"","format":"standard","meta":{"ngg_post_thumbnail":0,"footnotes":""},"categories":[3],"tags":[],"class_list":["post-2051","post","type-post","status-publish","format-standard","hentry","category-monatsausstellungen"],"_links":{"self":[{"href":"https:\/\/www.kah-hagen.de\/kah\/wp-json\/wp\/v2\/posts\/2051","targetHints":{"allow":["GET"]}}],"collection":[{"href":"https:\/\/www.kah-hagen.de\/kah\/wp-json\/wp\/v2\/posts"}],"about":[{"href":"https:\/\/www.kah-hagen.de\/kah\/wp-json\/wp\/v2\/types\/post"}],"author":[{"embeddable":true,"href":"https:\/\/www.kah-hagen.de\/kah\/wp-json\/wp\/v2\/users\/101015"}],"replies":[{"embeddable":true,"href":"https:\/\/www.kah-hagen.de\/kah\/wp-json\/wp\/v2\/comments?post=2051"}],"version-history":[{"count":2,"href":"https:\/\/www.kah-hagen.de\/kah\/wp-json\/wp\/v2\/posts\/2051\/revisions"}],"predecessor-version":[{"id":2076,"href":"https:\/\/www.kah-hagen.de\/kah\/wp-json\/wp\/v2\/posts\/2051\/revisions\/2076"}],"wp:attachment":[{"href":"https:\/\/www.kah-hagen.de\/kah\/wp-json\/wp\/v2\/media?parent=2051"}],"wp:term":[{"taxonomy":"category","embeddable":true,"href":"https:\/\/www.kah-hagen.de\/kah\/wp-json\/wp\/v2\/categories?post=2051"},{"taxonomy":"post_tag","embeddable":true,"href":"https:\/\/www.kah-hagen.de\/kah\/wp-json\/wp\/v2\/tags?post=2051"}],"curies":[{"name":"wp","href":"https:\/\/api.w.org\/{rel}","templated":true}]}}